{"id":8087,"date":"2025-03-29T18:14:42","date_gmt":"2025-03-29T18:14:42","guid":{"rendered":"https:\/\/wohnfrage.de\/sin-categoria\/12-ideas-de-decoracion-de-jardines-para-todos\/"},"modified":"2025-05-04T11:18:38","modified_gmt":"2025-05-04T11:18:38","slug":"12-ideas-de-decoracion-de-jardines-para-todos","status":"publish","type":"post","link":"https:\/\/wohnfrage.de\/es\/jardin-y-balcon\/12-ideas-de-decoracion-de-jardines-para-todos\/","title":{"rendered":"12 ideas de decoraci\u00f3n de jardines para todos"},"content":{"rendered":"<div style='text-align:right' class='yasr-auto-insert-visitor'><\/div><p>Como autora principal de Wohnfrage.de, llevo m\u00e1s de diez a\u00f1os asesorando sobre el hogar, la decoraci\u00f3n y el sector inmobiliario. Mi experiencia incluye las tendencias en dise\u00f1o de jardines, materiales y sostenibilidad. Hoy te mostraremos c\u00f3mo redescubrir tu jard\u00edn en 2025.    <\/p>\n<p><iframe title=\"+100 Moderne Gartengestaltung 2025 | Terrassengestaltung Ideen | Sch\u00f6ne Garten Ideen | Vorgarten\" width=\"1200\" height=\"675\" src=\"https:\/\/www.youtube.com\/embed\/qzReKJZf4B0?feature=oembed\" frameborder=\"0\" allow=\"accelerometer; autoplay; clipboard-write; encrypted-media; gyroscope; picture-in-picture; web-share\" referrerpolicy=\"strict-origin-when-cross-origin\" allowfullscreen><\/iframe><\/p>\n<p><b>El dise\u00f1o de jardines 2025<\/b> se centra en la creatividad y la sostenibilidad. Nuestras <b>ideas de decoraci\u00f3n de jardines<\/b> utilizan incluso muebles o cubiertos en desuso como objetos decorativos. Escaleras de madera como soportes de plantas o neum\u00e1ticos de coche como jardineras son ejemplos de <b>decoraci\u00f3n creativa de jardines<\/b>. Nuestra experiencia garantiza que incluso los jardines peque\u00f1os mejoren visualmente con plantas verticales como la hiedra.     <\/p>\n<p>Las 12 sugerencias combinan tradici\u00f3n y modernidad. Desde el upcycling hasta las linternas solares que almacenan energ\u00eda durante el d\u00eda, te ayudaremos a dise\u00f1ar un jard\u00edn que ahorre energ\u00eda e inspire el alma. Empecemos con las 4 primeras ideas, que combinan estilo y funcionalidad.    <\/p>\n<div id=\"ez-toc-container\" class=\"ez-toc-v2_0_82_2 counter-hierarchy ez-toc-counter ez-toc-grey ez-toc-container-direction\">\n<div class=\"ez-toc-title-container\">\n<p class=\"ez-toc-title\" style=\"cursor:inherit\">Inhaltsverzeichnis<\/p>\n<span class=\"ez-toc-title-toggle\"><a href=\"#\" class=\"ez-toc-pull-right ez-toc-btn ez-toc-btn-xs ez-toc-btn-default ez-toc-toggle\" aria-label=\"Alternar tabla de contenidos\"><span class=\"ez-toc-js-icon-con\"><span class=\"\"><span class=\"eztoc-hide\" style=\"display:none;\">Toggle<\/span><span class=\"ez-toc-icon-toggle-span\"><svg style=\"fill: #999;color:#999\" xmlns=\"http:\/\/www.w3.org\/2000\/svg\" class=\"list-377408\" width=\"20px\" height=\"20px\" viewBox=\"0 0 24 24\" fill=\"none\"><path d=\"M6 6H4v2h2V6zm14 0H8v2h12V6zM4 11h2v2H4v-2zm16 0H8v2h12v-2zM4 16h2v2H4v-2zm16 0H8v2h12v-2z\" fill=\"currentColor\"><\/path><\/svg><svg style=\"fill: #999;color:#999\" class=\"arrow-unsorted-368013\" xmlns=\"http:\/\/www.w3.org\/2000\/svg\" width=\"10px\" height=\"10px\" viewBox=\"0 0 24 24\" version=\"1.2\" baseProfile=\"tiny\"><path d=\"M18.2 9.3l-6.2-6.3-6.2 6.3c-.2.2-.3.4-.3.7s.1.5.3.7c.2.2.4.3.7.3h11c.3 0 .5-.1.7-.3.2-.2.3-.5.3-.7s-.1-.5-.3-.7zM5.8 14.7l6.2 6.3 6.2-6.3c.2-.2.3-.5.3-.7s-.1-.5-.3-.7c-.2-.2-.4-.3-.7-.3h-11c-.3 0-.5.1-.7.3-.2.2-.3.5-.3.7s.1.5.3.7z\"\/><\/svg><\/span><\/span><\/span><\/a><\/span><\/div>\n<nav><ul class='ez-toc-list ez-toc-list-level-1 ' ><li class='ez-toc-page-1 ez-toc-heading-level-2'><a class=\"ez-toc-link ez-toc-heading-1\" href=\"https:\/\/wohnfrage.de\/es\/jardin-y-balcon\/12-ideas-de-decoracion-de-jardines-para-todos\/#Maceteros_creativos\" >Maceteros creativos<\/a><\/li><li class='ez-toc-page-1 ez-toc-heading-level-2'><a class=\"ez-toc-link ez-toc-heading-2\" href=\"https:\/\/wohnfrage.de\/es\/jardin-y-balcon\/12-ideas-de-decoracion-de-jardines-para-todos\/#Conceptos_de_iluminacion\" >Conceptos de iluminaci\u00f3n<\/a><\/li><li class='ez-toc-page-1 ez-toc-heading-level-2'><a class=\"ez-toc-link ez-toc-heading-3\" href=\"https:\/\/wohnfrage.de\/es\/jardin-y-balcon\/12-ideas-de-decoracion-de-jardines-para-todos\/#Elementos_de_agua\" >Elementos de agua<\/a><\/li><li class='ez-toc-page-1 ez-toc-heading-level-2'><a class=\"ez-toc-link ez-toc-heading-4\" href=\"https:\/\/wohnfrage.de\/es\/jardin-y-balcon\/12-ideas-de-decoracion-de-jardines-para-todos\/#Jardines_tematicos\" >Jardines tem\u00e1ticos<\/a><\/li><li class='ez-toc-page-1 ez-toc-heading-level-2'><a class=\"ez-toc-link ez-toc-heading-5\" href=\"https:\/\/wohnfrage.de\/es\/jardin-y-balcon\/12-ideas-de-decoracion-de-jardines-para-todos\/#PREGUNTAS_FRECUENTES\" >PREGUNTAS FRECUENTES<\/a><\/li><\/ul><\/nav><\/div>\n<h2><span class=\"ez-toc-section\" id=\"Maceteros_creativos\"><\/span>Maceteros creativos<span class=\"ez-toc-section-end\"><\/span><\/h2>\n<section class=\"schema-section\">\n<div> <\/div>\n<\/section>\n<div class=\"wp-block-image\">\n<figure class=\"aligncenter size-large is-resized\"><img fetchpriority=\"high\" decoding=\"async\" width=\"574\" height=\"1024\" src=\"http:\/\/wohnfrage.de\/wp-content\/uploads\/2025\/03\/kreative-pflanzgefaesse-garten-deko-ideen-574x1024.jpg\" alt=\"Elegantes maceteros en el jard\u00edn\" class=\"wp-image-857\" style=\"width:530px;height:auto\" srcset=\"https:\/\/wohnfrage.de\/wp-content\/uploads\/2025\/03\/kreative-pflanzgefaesse-garten-deko-ideen-574x1024.jpg 574w, https:\/\/wohnfrage.de\/wp-content\/uploads\/2025\/03\/kreative-pflanzgefaesse-garten-deko-ideen-168x300.jpg 168w, https:\/\/wohnfrage.de\/wp-content\/uploads\/2025\/03\/kreative-pflanzgefaesse-garten-deko-ideen-768x1370.jpg 768w, https:\/\/wohnfrage.de\/wp-content\/uploads\/2025\/03\/kreative-pflanzgefaesse-garten-deko-ideen.jpg 816w\" sizes=\"(max-width: 574px) 100vw, 574px\" \/><\/figure>\n<\/div>\n<p class=\"wp-block-paragraph\">En 2025, las <strong>macetas inusuales<\/strong> y el <strong>upcycling en el jard\u00edn<\/strong> dominar\u00e1n el mundo de la decoraci\u00f3n. Nuestra experiencia demuestra que la <strong>decoraci\u00f3n sostenible del jard\u00edn<\/strong> mediante la reutilizaci\u00f3n es algo m\u00e1s que una tendencia: es un principio de dise\u00f1o que combina individualidad y conciencia medioambiental. Nuestros consejos te ayudar\u00e1n a crear un jard\u00edn personal y sostenible.    <\/p>\n<p >Keine Produkte gefunden<\/p>\n\n<h3 class=\"wp-block-heading\">Ideas de upcycling: Redescubre objetos antiguos<\/h3>\n\n<ul class=\"wp-block-list\">\n<li>Neum\u00e1ticos de coche como coloridas jardineras: Con pinturas acr\u00edlicas (8-24 tonos), los neum\u00e1ticos se convierten en vistosos centros.<\/li>\n\n\n\n<li>Carretillas y muebles antiguos: Una c\u00f3moda oxidada sirve de jardinera para plantas de flores peque\u00f1as.<\/li>\n\n\n\n<li>Bicicletas y calderos de zinc: Los cubos de acero inoxidable de 40 litros crean un aspecto moderno para los mini estanques.<\/li>\n<\/ul>\n\n<p class=\"wp-block-paragraph\">La consulta Rostikal ofrece 44 art\u00edculos \u00fanicos, como construcciones de madera que permiten crear dise\u00f1os \u00fanicos a mano.<\/p>\n\n<h3 class=\"wp-block-heading\">Materiales naturales para un entorno armonioso<\/h3>\n\n<p class=\"wp-block-paragraph\"><strong>Los materiales naturales<\/strong>, como <strong>la madera en el jard\u00edn<\/strong> y la terracota, caracterizan <strong>el dise\u00f1o de jardines sostenibles<\/strong>. Nuestras recomendaciones:   <\/p>\n\n<ul class=\"wp-block-list\">\n<li>De madera: Las carretillas r\u00fasticas de madera o las escaleras de madera forman elementos estructurantes. Recomendamos la madera no tratada para un mobiliario aut\u00e9ntico.   <\/li>\n\n\n\n<li>Terracota: Los jarrones de formas geom\u00e9tricas combinados con flores artificiales de hortensia (12 piezas) crean efectos de color sin esperas.<\/li>\n<\/ul>\n\n<p class=\"wp-block-paragraph\"><\/p>\n\n<h2 class=\"wp-block-heading\"><span class=\"ez-toc-section\" id=\"Conceptos_de_iluminacion\"><\/span>Conceptos de iluminaci\u00f3n<span class=\"ez-toc-section-end\"><\/span><\/h2>\n<div class=\"wp-block-image\">\n<figure class=\"aligncenter size-large is-resized\"><img decoding=\"async\" width=\"574\" height=\"1024\" src=\"http:\/\/wohnfrage.de\/wp-content\/uploads\/2025\/03\/modern-gartenbeleuchtung-smart-solar--574x1024.jpg\" alt=\"\" class=\"wp-image-1524\" style=\"width:511px;height:auto\" srcset=\"https:\/\/wohnfrage.de\/wp-content\/uploads\/2025\/03\/modern-gartenbeleuchtung-smart-solar--574x1024.jpg 574w, https:\/\/wohnfrage.de\/wp-content\/uploads\/2025\/03\/modern-gartenbeleuchtung-smart-solar--168x300.jpg 168w, https:\/\/wohnfrage.de\/wp-content\/uploads\/2025\/03\/modern-gartenbeleuchtung-smart-solar--768x1370.jpg 768w, https:\/\/wohnfrage.de\/wp-content\/uploads\/2025\/03\/modern-gartenbeleuchtung-smart-solar-.jpg 816w\" sizes=\"(max-width: 574px) 100vw, 574px\" \/><\/figure>\n<\/div>\n<p class=\"wp-block-paragraph\">El futuro de la iluminaci\u00f3n de jardines reside en la combinaci\u00f3n de ahorro energ\u00e9tico y atractivo visual. Nuestros datos demuestran que la <strong>iluminaci\u00f3n de jardines energ\u00e9ticamente eficiente<\/strong> reduce los costes de electricidad hasta un 80%. En 2025, la <em>iluminaci\u00f3n atmosf\u00e9rica de<\/em> jardines establecer\u00e1 nuevas normas al combinar seguridad y est\u00e9tica.    <\/p>\n\n<h3 class=\"wp-block-heading\">L\u00e1mparas solares: la revoluci\u00f3n ecol\u00f3gica<\/h3>\n\n<ul class=\"wp-block-list\">\n<li><strong>Iluminaci\u00f3n solar del jard\u00edn<\/strong><\/li>\n\n\n\n<li>Sistema Plug &amp; Shine de Paulmann con tecnolog\u00eda de 12 V para instalaciones seguras<\/li>\n\n\n\n<li>Garant\u00eda IP68 de resistencia a la intemperie para fuentes o iluminaci\u00f3n de plantas<\/li>\n<\/ul>\n<p >Keine Produkte gefunden<\/p>\n\n<p class=\"wp-block-paragraph\">Las \u00faltimas luces solares integran detectores de movimiento y control por app. <strong>La iluminaci\u00f3n led de jard\u00edn<\/strong> con blanco c\u00e1lido de 3.000K crea un ambiente acogedor a lo largo de caminos o patios.<\/p>\n\n<h3 class=\"wp-block-heading\">Luces de hadas: Opciones de decoraci\u00f3n vers\u00e1tiles<\/h3>\n\n<p class=\"wp-block-paragraph\">Las modernas combinan la tecnolog\u00eda LED con los placeres del dise\u00f1o. Nuestras recomendaciones 2025:   <\/p>\n\n<ol class=\"wp-block-list\">\n<li>Secuencias programables para la adaptaci\u00f3n estacional<\/li>\n\n\n\n<li>Estilo boho con montaje en madera o bamb\u00fa para p\u00e9rgolas<\/li>\n\n\n\n<li>Versiones resistentes a la intemperie con una vida \u00fatil de hasta 20.000 horas<\/li>\n<\/ol>\n\n<figure class=\"wp-block-table\"><table class=\"has-fixed-layout\"><tbody><tr><th>Tipo de iluminaci\u00f3n<\/th><th>Utiliza<\/th><th>Temperatura de color<\/th><\/tr><tr><td>Iluminaci\u00f3n b\u00e1sica<\/td><td>Caminos, terrazas<\/td><td>2700-3000K<\/td><\/tr><tr><td>Iluminaci\u00f3n de acento<\/td><td>Plantas, esculturas<\/td><td>3000-4000K<\/td><\/tr><tr><td>Iluminaci\u00f3n de seguridad<\/td><td>Escaleras, entrada<\/td><td>4000-5000K<\/td><\/tr><\/tbody><\/table><\/figure>\n<div class=\"wp-block-image\">\n<figure class=\"aligncenter size-large is-resized\"><img decoding=\"async\" width=\"574\" height=\"1024\" src=\"http:\/\/wohnfrage.de\/wp-content\/uploads\/2025\/03\/gartenskulpturen-kunstwerke-garten-deko-574x1024.jpg\" alt=\"Esculturas art\u00edsticas en el jard\u00edn  \" class=\"wp-image-855\" style=\"width:450px;height:auto\" srcset=\"https:\/\/wohnfrage.de\/wp-content\/uploads\/2025\/03\/gartenskulpturen-kunstwerke-garten-deko-574x1024.jpg 574w, https:\/\/wohnfrage.de\/wp-content\/uploads\/2025\/03\/gartenskulpturen-kunstwerke-garten-deko-168x300.jpg 168w, https:\/\/wohnfrage.de\/wp-content\/uploads\/2025\/03\/gartenskulpturen-kunstwerke-garten-deko-768x1370.jpg 768w, https:\/\/wohnfrage.de\/wp-content\/uploads\/2025\/03\/gartenskulpturen-kunstwerke-garten-deko.jpg 816w\" sizes=\"(max-width: 574px) 100vw, 574px\" \/><\/figure>\n<\/div>\n<p class=\"wp-block-paragraph\">Cuando planifiques, presta atenci\u00f3n a la <em>iluminaci\u00f3n sostenible del jard\u00edn<\/em>: las l\u00e1mparas solares ahorran costes, las luces de hadas con 3000K Kelvin se adaptan a la mayor\u00eda de los estilos de jard\u00edn. Nuestros expertos te ayudar\u00e1n a conseguir la combinaci\u00f3n perfecta de <strong>iluminaci\u00f3n atmosf\u00e9rica de jard\u00edn<\/strong> y funcionalidad.   <\/p>\n\n<h2 class=\"wp-block-heading\"><span class=\"ez-toc-section\" id=\"Elementos_de_agua\"><\/span>Elementos de agua<span class=\"ez-toc-section-end\"><\/span><\/h2>\n<div class=\"wp-block-image\">\n<figure class=\"aligncenter size-large is-resized\"><img loading=\"lazy\" decoding=\"async\" width=\"574\" height=\"1024\" src=\"http:\/\/wohnfrage.de\/wp-content\/uploads\/2025\/03\/wasserelemente-garten-brunnen-teich-574x1024.jpg\" alt=\"Estanque de jard\u00edn con fuente de agua  \" class=\"wp-image-863\" style=\"width:556px;height:auto\" srcset=\"https:\/\/wohnfrage.de\/wp-content\/uploads\/2025\/03\/wasserelemente-garten-brunnen-teich-574x1024.jpg 574w, https:\/\/wohnfrage.de\/wp-content\/uploads\/2025\/03\/wasserelemente-garten-brunnen-teich-168x300.jpg 168w, https:\/\/wohnfrage.de\/wp-content\/uploads\/2025\/03\/wasserelemente-garten-brunnen-teich-768x1370.jpg 768w, https:\/\/wohnfrage.de\/wp-content\/uploads\/2025\/03\/wasserelemente-garten-brunnen-teich.jpg 816w\" sizes=\"(max-width: 574px) 100vw, 574px\" \/><\/figure>\n<\/div>\n<p class=\"wp-block-paragraph\"><strong>Los elementos relajantes del jard\u00edn<\/strong>, como fuentes o minipiscinas, aumentan el valor de la propiedad y crean un ambiente agradable. Nuestros expertos te asesorar\u00e1n para elegir la soluci\u00f3n adecuada para tu instalaci\u00f3n.   <\/p>\n\n<h3 class=\"wp-block-heading\">Fuente en el jard\u00edn<\/h3>\n\n<p class=\"wp-block-paragraph\">Una <strong>fuente de jard\u00edn<\/strong> es una atracci\u00f3n central que tambi\u00e9n puede realizarse en espacios reducidos gracias a los <strong>peque\u00f1os elementos de agua para jard\u00edn<\/strong>. Los modelos que funcionan con energ\u00eda solar ahorran energ\u00eda y ofrecen opciones de colocaci\u00f3n flexibles. Elige materiales como la piedra o el zinc para resaltar el encanto natural.    <strong>Ventajas cr\u00edticas:<\/strong><\/p>\n\n<ul class=\"wp-block-list\">\n<li>Los sistemas de bombeo con filtros integrados reducen los tiempos de espera<\/li>\n\n\n\n<li>Los certificados de reducci\u00f3n de ruido garantizan un descanso sin molestias<\/li>\n\n\n\n<li>Las aplicaciones inteligentes permiten controlar las instalaciones acu\u00e1ticas a trav\u00e9s del smartphone<\/li>\n<\/ul>\n<p >Keine Produkte gefunden<\/p>\n\n<h3 class=\"wp-block-heading\">Mini estanques: belleza que ahorra espacio<\/h3>\n\n<p class=\"wp-block-paragraph\">Quien busque <strong>alternativas a los estanques de jard\u00edn<\/strong>, encontrar\u00e1 una valiosa alternativa en la <strong>creaci\u00f3n de un mini estanque<\/strong>. Un volumen de 80 litros es suficiente para crear un peque\u00f1o miniestanque con nen\u00fafares y lirios. Los valores de la tabla siguiente te guiar\u00e1n en tu planificaci\u00f3n:    <\/p>\n\n<figure class=\"wp-block-table\"><table class=\"has-fixed-layout\"><tbody><tr><th>Par\u00e1metros<\/th><th>Valores \u00f3ptimos<\/th><\/tr><tr><td>Exposici\u00f3n al sol<\/td><td>4-6 horas de luz diurna<\/td><\/tr><tr><td>Subsuelo<\/td><td>suelo firme y nivelado<\/td><\/tr><tr><td>Filtraci\u00f3n<\/td><td>Filtros biol\u00f3gicos para la prevenci\u00f3n de algas<\/td><\/tr><tr><td>Diversidad vegetal<\/td><td>Nen\u00fafares, flores palustres, especies de helechos<\/td><\/tr><\/tbody><\/table><\/figure>\n\n<p class=\"wp-block-paragraph\">Cuando instales peque\u00f1os elementos acu\u00e1ticos en tu jard\u00edn, ten en cuenta el espacio necesario y la infraestructura. Nuestras empresas asociadas ofrecen instalaci\u00f3n profesional con marcas como PondCare o Aquascapes. Un minipond bien planificado fomenta la biodiversidad y crea un ecosistema vivo.    <\/p>\n\n<h2 class=\"wp-block-heading\"><span class=\"ez-toc-section\" id=\"Jardines_tematicos\"><\/span>Jardines tem\u00e1ticos<span class=\"ez-toc-section-end\"><\/span><\/h2>\n<div class=\"wp-block-image\">\n<figure class=\"aligncenter size-large is-resized\"><img loading=\"lazy\" decoding=\"async\" width=\"574\" height=\"1024\" src=\"http:\/\/wohnfrage.de\/wp-content\/uploads\/2025\/03\/themengaerten-japanisch-mediterran-cottage-574x1024.jpg\" alt=\"\" class=\"wp-image-861\" style=\"width:544px;height:auto\" srcset=\"https:\/\/wohnfrage.de\/wp-content\/uploads\/2025\/03\/themengaerten-japanisch-mediterran-cottage-574x1024.jpg 574w, https:\/\/wohnfrage.de\/wp-content\/uploads\/2025\/03\/themengaerten-japanisch-mediterran-cottage-168x300.jpg 168w, https:\/\/wohnfrage.de\/wp-content\/uploads\/2025\/03\/themengaerten-japanisch-mediterran-cottage-768x1370.jpg 768w, https:\/\/wohnfrage.de\/wp-content\/uploads\/2025\/03\/themengaerten-japanisch-mediterran-cottage.jpg 816w\" sizes=\"(max-width: 574px) 100vw, 574px\" \/><\/figure>\n<\/div>\n<p class=\"wp-block-paragraph\">En 2025, el dise\u00f1o de jardines tem\u00e1ticos definir\u00e1 el futuro de la planificaci\u00f3n de jardines. Dos conceptos dominan: el jard\u00edn zen como oasis meditativo y el jard\u00edn de hierbas como zona multifuncional. Ambos reflejan la b\u00fasqueda de tranquilidad, funcionalidad y sostenibilidad.    <\/p>\n\n<h3 class=\"wp-block-heading\">Jard\u00edn Zen<\/h3>\n\n<p class=\"wp-block-paragraph\">La <strong>creaci\u00f3n de<\/strong> un <strong>jard\u00edn zen<\/strong> se basa en los principios del <strong>dise\u00f1o de jardines japoneses<\/strong>. <strong>Los elementos meditativos del jard\u00edn<\/strong>, como la grava rastrillada, las piedras y plantas como los helechos ornamentales, crean tranquilidad. Las versiones modernas combinan elementos tradicionales con materiales como el hormig\u00f3n para crear un ambiente contempor\u00e1neo. Incluso en espacios peque\u00f1os, puedes crear un oasis meditativo mediante una colocaci\u00f3n cuidadosa.    <\/p>\n\n<h3 class=\"wp-block-heading\">Jard\u00edn de hierbas<\/h3>\n\n<p class=\"wp-block-paragraph\"><strong>Crear un jard\u00edn de hierbas<\/strong> combina el <strong>dise\u00f1o de un jard\u00edn comestible<\/strong> con el <strong>uso sostenible del jard\u00edn<\/strong>. Los arriates verticales ahorran espacio y los sistemas inteligentes, como los sensores de humedad, optimizan el mantenimiento. Hierbas como el romero o el tomillo son ideales para los modernos arriates elevados y ofrecen beneficios culinarios. La combinaci\u00f3n con plantas con flor, como la lavanda, atrae a las abejas y fomenta la biodiversidad.     <\/p>\n\n<p class=\"wp-block-paragraph\">Los jardines tem\u00e1ticos reflejan las preferencias individuales y aumentan el valor de tu propiedad. Ya sea un jard\u00edn zen o un jard\u00edn de hierbas, con los elementos adecuados puedes crear un jard\u00edn que sea tanto para el alma como para la vida cotidiana.   <\/p>\n\n<h2 class=\"wp-block-heading\"><span class=\"ez-toc-section\" id=\"PREGUNTAS_FRECUENTES\"><\/span>PREGUNTAS FRECUENTES<span class=\"ez-toc-section-end\"><\/span><\/h2>\n\n<h3 class=\"wp-block-heading\">\u00bfCu\u00e1les son las tendencias actuales en decoraci\u00f3n de jardines para 2025?<\/h3>\n\n<p class=\"wp-block-paragraph\">Las tendencias incluyen jardineras creativas hechas con materiales reciclados, materiales naturales como la madera y la terracota, conceptos innovadores de iluminaci\u00f3n con l\u00e1mparas solares y luces de hadas, as\u00ed como la integraci\u00f3n de elementos acu\u00e1ticos y jardines tem\u00e1ticos.<\/p>\n\n<h3 class=\"wp-block-heading\">\u00bfC\u00f3mo puedo aplicar el upcycling en mi jard\u00edn?<\/h3>\n\n<p class=\"wp-block-paragraph\">Puedes utilizar como maceteros objetos viejos, como neum\u00e1ticos de coche, carretillas o muebles antiguos. El dise\u00f1o creativo y las combinaciones de colores dan nueva vida a estos objetos y a\u00f1aden car\u00e1cter a tu jard\u00edn.   <\/p>\n\n<h3 class=\"wp-block-heading\">\u00bfQu\u00e9 soluciones de iluminaci\u00f3n tienen sentido para los propietarios de jardines?<\/h3>\n\n<p class=\"wp-block-paragraph\">Las l\u00e1mparas solares son especialmente recomendables, ya que son eficientes energ\u00e9ticamente y respetuosas con el medio ambiente. Tambi\u00e9n deber\u00edas considerar las luces de hadas, que se pueden utilizar de diversas formas y crean un ambiente c\u00e1lido.   <\/p>\n\n<h3 class=\"wp-block-heading\">\u00bfCu\u00e1les son las ventajas de los elementos de agua en el dise\u00f1o de jardines?<\/h3>\n\n<p class=\"wp-block-paragraph\">Elementos acu\u00e1ticos como fuentes y mini estanques no s\u00f3lo mejoran la calidad est\u00e9tica de tu jard\u00edn, sino que tambi\u00e9n crean un ambiente relajante y pueden aumentar el valor de tu propiedad.<\/p>\n\n<h3 class=\"wp-block-heading\">\u00bfC\u00f3mo puedo crear un jard\u00edn zen?<\/h3>\n\n<p class=\"wp-block-paragraph\">Un jard\u00edn zen se caracteriza por un dise\u00f1o minimalista y piedras cuidadosamente colocadas. Empieza delimitando la zona, elige grava fina o arena para el lecho de grava y dise\u00f1a patrones de rastrillado para crear una atm\u00f3sfera meditativa.   <\/p>\n\n<h3 class=\"wp-block-heading\">\u00bfCu\u00e1les son las ventajas de un jard\u00edn de hierbas?<\/h3>\n\n<p class=\"wp-block-paragraph\">Los jardines de hierbas no s\u00f3lo ofrecen beneficios est\u00e9ticos, sino tambi\u00e9n culinarios. Permiten un modo de vida sostenible y contribuyen a la biodiversidad atrayendo insectos y creando un lugar para la autosuficiencia.   <\/p>\n","protected":false},"excerpt":{"rendered":"<p>Como autora principal de Wohnfrage.de, llevo m\u00e1s de diez a\u00f1os asesorando sobre el hogar, la decoraci\u00f3n y el sector inmobiliario. Mi experiencia incluye las tendencias en dise\u00f1o de jardines, materiales &#8230; <\/p>\n<p class=\"read-more-container\"><a title=\"12 ideas de decoraci\u00f3n de jardines para todos\" class=\"read-more button\" href=\"https:\/\/wohnfrage.de\/es\/jardin-y-balcon\/12-ideas-de-decoracion-de-jardines-para-todos\/#more-8087\" aria-label=\"Leer m\u00e1s sobre 12 ideas de decoraci\u00f3n de jardines para todos\">Weiterlesen<\/a><\/p>\n","protected":false},"author":1,"featured_media":8086,"comment_status":"open","ping_status":"open","sticky":false,"template":"","format":"standard","meta":{"_crdt_document":"","yasr_overall_rating":0,"yasr_post_is_review":"","yasr_auto_insert_disabled":"","yasr_review_type":"","footnotes":""},"categories":[55],"tags":[56],"class_list":["post-8087","post","type-post","status-publish","format-standard","has-post-thumbnail","hentry","category-jardin-y-balcon","tag-ideas-para-el-jardin","infinite-scroll-item"],"yasr_visitor_votes":{"stars_attributes":{"read_only":false,"span_bottom":false},"number_of_votes":1,"sum_votes":5},"_links":{"self":[{"href":"https:\/\/wohnfrage.de\/es\/wp-json\/wp\/v2\/posts\/8087","targetHints":{"allow":["GET"]}}],"collection":[{"href":"https:\/\/wohnfrage.de\/es\/wp-json\/wp\/v2\/posts"}],"about":[{"href":"https:\/\/wohnfrage.de\/es\/wp-json\/wp\/v2\/types\/post"}],"author":[{"embeddable":true,"href":"https:\/\/wohnfrage.de\/es\/wp-json\/wp\/v2\/users\/1"}],"replies":[{"embeddable":true,"href":"https:\/\/wohnfrage.de\/es\/wp-json\/wp\/v2\/comments?post=8087"}],"version-history":[{"count":1,"href":"https:\/\/wohnfrage.de\/es\/wp-json\/wp\/v2\/posts\/8087\/revisions"}],"predecessor-version":[{"id":8088,"href":"https:\/\/wohnfrage.de\/es\/wp-json\/wp\/v2\/posts\/8087\/revisions\/8088"}],"wp:featuredmedia":[{"embeddable":true,"href":"https:\/\/wohnfrage.de\/es\/wp-json\/wp\/v2\/media\/8086"}],"wp:attachment":[{"href":"https:\/\/wohnfrage.de\/es\/wp-json\/wp\/v2\/media?parent=8087"}],"wp:term":[{"taxonomy":"category","embeddable":true,"href":"https:\/\/wohnfrage.de\/es\/wp-json\/wp\/v2\/categories?post=8087"},{"taxonomy":"post_tag","embeddable":true,"href":"https:\/\/wohnfrage.de\/es\/wp-json\/wp\/v2\/tags?post=8087"}],"curies":[{"name":"wp","href":"https:\/\/api.w.org\/{rel}","templated":true}]}}