{"id":10957,"date":"2025-05-18T15:34:22","date_gmt":"2025-05-18T15:34:22","guid":{"rendered":"https:\/\/wohnfrage.de\/sin-categoria\/12-ideas-de-camas-de-dia-para-el-jardin-pura-relajacion\/"},"modified":"2025-05-18T15:34:22","modified_gmt":"2025-05-18T15:34:22","slug":"12-ideas-de-camas-de-dia-para-el-jardin-pura-relajacion","status":"publish","type":"post","link":"https:\/\/wohnfrage.de\/es\/jardin-y-balcon\/12-ideas-de-camas-de-dia-para-el-jardin-pura-relajacion\/","title":{"rendered":"12 ideas de camas de d\u00eda para el jard\u00edn: pura relajaci\u00f3n"},"content":{"rendered":"<div style='text-align:right' class='yasr-auto-insert-visitor'><\/div><p>Un sof\u00e1-cama en el jard\u00edn es algo m\u00e1s que un simple lugar para sentarse: es una invitaci\u00f3n a so\u00f1ar, relajarse y disfrutar. Como un peque\u00f1o oasis de paz, ofrece un refugio perfecto donde escapar de la vida cotidiana y vivir plenamente la naturaleza. <\/p>\n<p>Ya sea como elegante rinc\u00f3n de descanso, acogedor lugar de lectura o lujosa zona de relajaci\u00f3n, un sof\u00e1-cama puede integrarse en el dise\u00f1o de tu jard\u00edn de muchas maneras. En este art\u00edculo te presentamos 12 ideas inspiradoras sobre c\u00f3mo utilizar un sof\u00e1-cama para transformar tu zona exterior en un acogedor oasis de bienestar. <\/p>\n<div id=\"ez-toc-container\" class=\"ez-toc-v2_0_82_2 counter-hierarchy ez-toc-counter ez-toc-grey ez-toc-container-direction\">\n<div class=\"ez-toc-title-container\">\n<p class=\"ez-toc-title\" style=\"cursor:inherit\">Inhaltsverzeichnis<\/p>\n<span class=\"ez-toc-title-toggle\"><a href=\"#\" class=\"ez-toc-pull-right ez-toc-btn ez-toc-btn-xs ez-toc-btn-default ez-toc-toggle\" aria-label=\"Alternar tabla de contenidos\"><span class=\"ez-toc-js-icon-con\"><span class=\"\"><span class=\"eztoc-hide\" style=\"display:none;\">Toggle<\/span><span class=\"ez-toc-icon-toggle-span\"><svg style=\"fill: #999;color:#999\" xmlns=\"http:\/\/www.w3.org\/2000\/svg\" class=\"list-377408\" width=\"20px\" height=\"20px\" viewBox=\"0 0 24 24\" fill=\"none\"><path d=\"M6 6H4v2h2V6zm14 0H8v2h12V6zM4 11h2v2H4v-2zm16 0H8v2h12v-2zM4 16h2v2H4v-2zm16 0H8v2h12v-2z\" fill=\"currentColor\"><\/path><\/svg><svg style=\"fill: #999;color:#999\" class=\"arrow-unsorted-368013\" xmlns=\"http:\/\/www.w3.org\/2000\/svg\" width=\"10px\" height=\"10px\" viewBox=\"0 0 24 24\" version=\"1.2\" baseProfile=\"tiny\"><path d=\"M18.2 9.3l-6.2-6.3-6.2 6.3c-.2.2-.3.4-.3.7s.1.5.3.7c.2.2.4.3.7.3h11c.3 0 .5-.1.7-.3.2-.2.3-.5.3-.7s-.1-.5-.3-.7zM5.8 14.7l6.2 6.3 6.2-6.3c.2-.2.3-.5.3-.7s-.1-.5-.3-.7c-.2-.2-.4-.3-.7-.3h-11c-.3 0-.5.1-.7.3-.2.2-.3.5-.3.7s.1.5.3.7z\"\/><\/svg><\/span><\/span><\/span><\/a><\/span><\/div>\n<nav><ul class='ez-toc-list ez-toc-list-level-1 ' ><li class='ez-toc-page-1 ez-toc-heading-level-2'><a class=\"ez-toc-link ez-toc-heading-1\" href=\"https:\/\/wohnfrage.de\/es\/jardin-y-balcon\/12-ideas-de-camas-de-dia-para-el-jardin-pura-relajacion\/#Camas_modernas_para_el_jardin\" >Camas modernas para el jard\u00edn<\/a><\/li><li class='ez-toc-page-1 ez-toc-heading-level-2'><a class=\"ez-toc-link ez-toc-heading-2\" href=\"https:\/\/wohnfrage.de\/es\/jardin-y-balcon\/12-ideas-de-camas-de-dia-para-el-jardin-pura-relajacion\/#Relajantes_disenos_de_camas_de_dia_en_un_entorno_verde\" >Relajantes dise\u00f1os de camas de d\u00eda en un entorno verde<\/a><\/li><li class='ez-toc-page-1 ez-toc-heading-level-2'><a class=\"ez-toc-link ez-toc-heading-3\" href=\"https:\/\/wohnfrage.de\/es\/jardin-y-balcon\/12-ideas-de-camas-de-dia-para-el-jardin-pura-relajacion\/#Confortables_tumbonas_de_jardin_para_todos_los_estilos\" >Confortables tumbonas de jard\u00edn para todos los estilos<\/a><\/li><li class='ez-toc-page-1 ez-toc-heading-level-2'><a class=\"ez-toc-link ez-toc-heading-4\" href=\"https:\/\/wohnfrage.de\/es\/jardin-y-balcon\/12-ideas-de-camas-de-dia-para-el-jardin-pura-relajacion\/#Soluciones_de_camas_de_dia_resistentes_a_la_intemperie_para_exteriores\" >Soluciones de camas de d\u00eda resistentes a la intemperie para exteriores<\/a><\/li><li class='ez-toc-page-1 ez-toc-heading-level-2'><a class=\"ez-toc-link ez-toc-heading-5\" href=\"https:\/\/wohnfrage.de\/es\/jardin-y-balcon\/12-ideas-de-camas-de-dia-para-el-jardin-pura-relajacion\/#Oasis_de_dia_para_el_verano_en_el_jardin\" >Oasis de d\u00eda para el verano en el jard\u00edn<\/a><\/li><li class='ez-toc-page-1 ez-toc-heading-level-2'><a class=\"ez-toc-link ez-toc-heading-6\" href=\"https:\/\/wohnfrage.de\/es\/jardin-y-balcon\/12-ideas-de-camas-de-dia-para-el-jardin-pura-relajacion\/#Arreglos_creativos_del_sofa-cama_de_jardin\" >Arreglos creativos del sof\u00e1-cama de jard\u00edn<\/a><\/li><li class='ez-toc-page-1 ez-toc-heading-level-2'><a class=\"ez-toc-link ez-toc-heading-7\" href=\"https:\/\/wohnfrage.de\/es\/jardin-y-balcon\/12-ideas-de-camas-de-dia-para-el-jardin-pura-relajacion\/#Lujosos_conceptos_de_sofa-cama_para_la_terraza\" >Lujosos conceptos de sof\u00e1-cama para la terraza<\/a><\/li><li class='ez-toc-page-1 ez-toc-heading-level-2'><a class=\"ez-toc-link ez-toc-heading-8\" href=\"https:\/\/wohnfrage.de\/es\/jardin-y-balcon\/12-ideas-de-camas-de-dia-para-el-jardin-pura-relajacion\/#Camas_de_dia_para_ahorrar_espacio_en_el_jardin\" >Camas de d\u00eda para ahorrar espacio en el jard\u00edn<\/a><\/li><li class='ez-toc-page-1 ez-toc-heading-level-2'><a class=\"ez-toc-link ez-toc-heading-9\" href=\"https:\/\/wohnfrage.de\/es\/jardin-y-balcon\/12-ideas-de-camas-de-dia-para-el-jardin-pura-relajacion\/#Camas_de_jardin_multifuncionales\" >Camas de jard\u00edn multifuncionales<\/a><\/li><\/ul><\/nav><\/div>\n<h2><span class=\"ez-toc-section\" id=\"Camas_modernas_para_el_jardin\"><\/span>Camas modernas para el jard\u00edn<span class=\"ez-toc-section-end\"><\/span><\/h2>\n<p><center><img decoding=\"async\" src=\"\/wp-content\/uploads\/2025\/05\/moderne_garten_daybed.jpg\"><\/img> <\/center>Las tumbonas son el complemento perfecto para cualquier jard\u00edn y ofrecen una forma lujosa de relajarse al aire libre. Estos modernos muebles de exterior impresionan por sus materiales de alta calidad resistentes a la intemperie, como el polirat\u00e1n o el aluminio con recubrimiento de polvo, y est\u00e1n equipados con c\u00f3modos cojines repelentes al agua. Gracias a las superficies reclinables ajustables y los toldos integrados, puedes encontrar la posici\u00f3n perfecta para relajarte.  <\/p>\n<p>Este vers\u00e1til mobiliario de jard\u00edn es adecuado tanto para patios peque\u00f1os como para amplias zonas de piscina, y puede utilizarse como tumbona individual o doble, seg\u00fan el modelo. Las zonas de almacenamiento integradas para bebidas y aperitivos y el f\u00e1cil mantenimiento de los robustos materiales resultan especialmente pr\u00e1cticos. Con su dise\u00f1o atemporal, las tumbonas modernas se integran armoniosamente en cualquier dise\u00f1o de jard\u00edn y te invitan a relajarte todo el a\u00f1o.  <\/p>\n<h2><span class=\"ez-toc-section\" id=\"Relajantes_disenos_de_camas_de_dia_en_un_entorno_verde\"><\/span>Relajantes dise\u00f1os de camas de d\u00eda en un entorno verde<span class=\"ez-toc-section-end\"><\/span><\/h2>\n<p><center><img decoding=\"async\" src=\"\/wp-content\/uploads\/2025\/05\/garden_daybed.jpg\"><\/img> <\/center>Un sof\u00e1-cama en el jard\u00edn es el refugio perfecto para pasar horas de relax en la naturaleza. Rodeado de flores fragantes y hojas que susurran suavemente, es el lugar perfecto para echarse una siesta, leer un buen libro o simplemente saborear el momento. La c\u00f3moda tapicer\u00eda y el sombreado toldo garantizan una comodidad \u00f3ptima.  <\/p>\n<p>Las opciones de dise\u00f1o son variadas: desde la tumbona r\u00fastica de madera hasta la elegante versi\u00f3n lounge con telas resistentes a la intemperie. La tumbona tiene un aspecto especialmente armonioso incrustada en un dise\u00f1o de jard\u00edn natural con hierbas altas, arbustos y plantas trepadoras. El resultado es un oasis privado de bienestar que invita a quedarse y so\u00f1ar.  <\/p>\n<h2><span class=\"ez-toc-section\" id=\"Confortables_tumbonas_de_jardin_para_todos_los_estilos\"><\/span>Confortables tumbonas de jard\u00edn para todos los estilos<span class=\"ez-toc-section-end\"><\/span><\/h2>\n<p><center><img decoding=\"async\" src=\"\/wp-content\/uploads\/2025\/05\/garden_daybed.jpg\"><\/img> <\/center>Las tumbonas de jard\u00edn son la mezcla perfecta de mueble de sal\u00f3n y zona de relax. Las generosas zonas reclinables ofrecen mucho espacio para descansar y relajarse, mientras que la tapicer\u00eda de alta calidad y los materiales resistentes a la intemperie garantizan una comodidad duradera. Ya sea como pieza \u00fanica o como parte de un grupo de asientos, estos muebles de exterior ponen acentos de estilo e invitan a quedarse.  <\/p>\n<p>La variedad de dise\u00f1os hace que los canap\u00e9s de jard\u00edn sean aut\u00e9nticos todoterrenos en las zonas exteriores. Desde la elegancia cl\u00e1sica de las formas lineales hasta lo l\u00fadico y rom\u00e1ntico de los elementos curvos, hay algo para todos los gustos. Los toldos integrados o los toldos flexibles que protegen de la luz solar directa son especialmente pr\u00e1cticos. Con accesorios a juego, como cojines y mantas, el sof\u00e1 cama se convierte en un oasis personal de bienestar al aire libre.   <\/p>\n<h2><span class=\"ez-toc-section\" id=\"Soluciones_de_camas_de_dia_resistentes_a_la_intemperie_para_exteriores\"><\/span>Soluciones de camas de d\u00eda resistentes a la intemperie para exteriores<span class=\"ez-toc-section-end\"><\/span><\/h2>\n<p><center><img decoding=\"async\" src=\"\/wp-content\/uploads\/2025\/05\/outdoor_daybed.jpg\"><\/img> <\/center>Las tumbonas resistentes a la intemperie son la soluci\u00f3n perfecta para pasar horas de relax al aire libre. Est\u00e1n fabricadas con materiales de alta calidad resistentes a la intemperie, como aluminio con recubrimiento de polvo, polirat\u00e1n sint\u00e9tico o teca especialmente tratada. La tapicer\u00eda y los cojines hidr\u00f3fugos est\u00e1n recubiertos de tejidos aptos para el exterior y conservan su forma y color incluso con lluvia y luz solar intensa.  <\/p>\n<p>Las vers\u00e1tiles tumbonas de exterior se pueden utilizar con flexibilidad, ya sea como acogedora isla de relax en el patio, como elegante punto de atracci\u00f3n en el jard\u00edn o como pr\u00e1ctica tumbona junto a la piscina. Muchos modelos tienen un toldo ajustable, secciones laterales extensibles o zonas de almacenamiento integradas. Gracias a su robusta construcci\u00f3n, pueden permanecer a la intemperie todo el a\u00f1o y siguen ofreciendo un confort \u00f3ptimo incluso despu\u00e9s de muchas temporadas.  <\/p>\n<h2><span class=\"ez-toc-section\" id=\"Oasis_de_dia_para_el_verano_en_el_jardin\"><\/span>Oasis de d\u00eda para el verano en el jard\u00edn<span class=\"ez-toc-section-end\"><\/span><\/h2>\n<p><center><img decoding=\"async\" src=\"\/wp-content\/uploads\/2025\/05\/garden_daybed.jpg\"><\/img> <\/center>Un sof\u00e1-cama en el jard\u00edn transforma cualquier patio en un lujoso oasis de relajaci\u00f3n. La superficie acolchada reclinable con cojines resistentes a la intemperie invita a la relajaci\u00f3n, mientras que un toldo ajustable te protege de la luz solar directa. Las zonas de almacenamiento integradas para bebidas y aperitivos son especialmente pr\u00e1cticas, al igual que los materiales robustos que resisten el viento y la intemperie.  <\/p>\n<p>La versatilidad de las tumbonas las convierte en verdaderos todoterrenos en las zonas al aire libre. Durante el d\u00eda, pueden utilizarse como un acogedor sal\u00f3n para leer o echar una siesta por la tarde, mientras que por la noche pueden transformarse en una rom\u00e1ntica zona de estar para observar las estrellas. Gracias a su dise\u00f1o modular, muchos modelos tambi\u00e9n pueden plegarse para ahorrar espacio o utilizarse como camas adicionales para invitados.  <\/p>\n<h2><span class=\"ez-toc-section\" id=\"Arreglos_creativos_del_sofa-cama_de_jardin\"><\/span>Arreglos creativos del sof\u00e1-cama de jard\u00edn<span class=\"ez-toc-section-end\"><\/span><\/h2>\n<p><center><img decoding=\"async\" src=\"\/wp-content\/uploads\/2025\/05\/garden-daybed.jpg\"><\/img> <\/center>Un sof\u00e1-cama de jard\u00edn puede transformarse maravillosamente en un acogedor oasis al aire libre. Rodeado de frondosas plantas trepadoras, cojines de colores y un ligero toldo, crea el refugio perfecto para los relajantes d\u00edas de verano. Peque\u00f1as mesas auxiliares de madera o rat\u00e1n, farolillos decorativos y mantas suaves completan el conjunto.  <\/p>\n<p>La colocaci\u00f3n correcta del sof\u00e1-cama es crucial para un confort \u00f3ptimo. Un lugar sombreado bajo un \u00e1rbol o una p\u00e9rgola te protege del sol excesivo, mientras que la vista se dirige idealmente hacia una bonita zona ajardinada. Los materiales resistentes a la intemperie y las fundas f\u00e1ciles de limpiar garantizan que el sal\u00f3n de exterior pueda disfrutarse durante mucho tiempo, incluso con tiempo cambiante.  <\/p>\n<h2><span class=\"ez-toc-section\" id=\"Lujosos_conceptos_de_sofa-cama_para_la_terraza\"><\/span>Lujosos conceptos de sof\u00e1-cama para la terraza<span class=\"ez-toc-section-end\"><\/span><\/h2>\n<p><center><img decoding=\"async\" src=\"\/wp-content\/uploads\/2025\/05\/garden_daybed.jpg\"><\/img> <\/center>Los conceptos de Daybed para el patio combinan un estilo de vida moderno con una relajada vida al aire libre. Las amplias zonas de descanso con cojines de alta calidad resistentes a la intemperie te invitan a relajarte y a crear un oasis privado de calma al aire libre. Los toldos flexibles o las marquesinas integradas proporcionan una sombra acogedora en los d\u00edas calurosos.  <\/p>\n<p>La gama de materiales va desde la teca fina hasta el aluminio con recubrimiento de polvo y el polirat\u00e1n resistente a la intemperie. Muchos modelos impresionan con caracter\u00edsticas multifuncionales como respaldos ajustables, mesas auxiliares extensibles o iluminaci\u00f3n LED integrada. Esto convierte al sof\u00e1-cama en la elegante pieza central del dise\u00f1o de tu patio y te invita a pasar horas de relax al aire libre.  <\/p>\n<h2><span class=\"ez-toc-section\" id=\"Camas_de_dia_para_ahorrar_espacio_en_el_jardin\"><\/span>Camas de d\u00eda para ahorrar espacio en el jard\u00edn<span class=\"ez-toc-section-end\"><\/span><\/h2>\n<p><center><img decoding=\"async\" src=\"\/wp-content\/uploads\/2025\/05\/garden-daybed.jpg\"><\/img> <\/center>Las tumbonas son la soluci\u00f3n perfecta para jardines y patios peque\u00f1os, ya que pueden utilizarse como acogedores asientos durante el d\u00eda y como cama adicional para invitados por la noche. Estos muebles compactos pueden colocarse contra una pared o en un rinc\u00f3n para ahorrar espacio, pero ofrecen mucho espacio para relajarse y descansar. <\/p>\n<p>Las modernas tumbonas de exterior est\u00e1n disponibles en diversos materiales, como polirat\u00e1n resistente a la intemperie, aluminio o teca. Muchos modelos tienen tapicer\u00eda repelente al agua y protecci\u00f3n solar integrada para que puedan estar al aire libre todo el a\u00f1o. Con cojines y mantas a juego, el sof\u00e1-cama se convierte en un acogedor rinc\u00f3n de descanso para pasar horas sociables en el jard\u00edn.  <\/p>\n<h2><span class=\"ez-toc-section\" id=\"Camas_de_jardin_multifuncionales\"><\/span>Camas de jard\u00edn multifuncionales<span class=\"ez-toc-section-end\"><\/span><\/h2>\n<p><center><img decoding=\"async\" src=\"\/wp-content\/uploads\/2025\/05\/luxury_daybed.jpg\"><\/img> <\/center>Los Camas de d\u00eda multifuncionales para jard\u00edn son la combinaci\u00f3n perfecta de relax y funcionalidad para las zonas al aire libre. Estos muebles robustos y resistentes a la intemperie no s\u00f3lo ofrecen una superficie c\u00f3moda para relajarse, sino que tambi\u00e9n pueden utilizarse como asientos adicionales para invitados o como pr\u00e1ctica opci\u00f3n para guardar accesorios de jard\u00edn. Gracias a los techos o toldos ajustables, proporcionan una sombra acogedora en los d\u00edas calurosos.  <\/p>\n<p>Las modernas tumbonas de exterior impresionan por su versatilidad y dise\u00f1o atemporal. Los materiales de alta calidad, como el aluminio con recubrimiento de polvo o el polirat\u00e1n resistente a la intemperie, garantizan su durabilidad, mientras que los mullidos cojines y almohadas garantizan el m\u00e1ximo confort. Muchos modelos tambi\u00e9n tienen ruedas para trasladarlos con flexibilidad y se pueden plegar para ahorrar espacio cuando no se usan.  <\/p>\n","protected":false},"excerpt":{"rendered":"<p>Dise\u00f1a tu jard\u00edn con lujosas tumbonas. \u2705 Rel\u00e1jate como si estuvieras de vacaciones. \u23e9 Inspiraci\u00f3n para tu oasis exterior.  <\/p>\n","protected":false},"author":1,"featured_media":10883,"comment_status":"open","ping_status":"open","sticky":false,"template":"","format":"standard","meta":{"_crdt_document":"","yasr_overall_rating":0,"yasr_post_is_review":"","yasr_auto_insert_disabled":"","yasr_review_type":"","footnotes":""},"categories":[55],"tags":[],"class_list":["post-10957","post","type-post","status-publish","format-standard","has-post-thumbnail","hentry","category-jardin-y-balcon","infinite-scroll-item"],"yasr_visitor_votes":{"stars_attributes":{"read_only":false,"span_bottom":false},"number_of_votes":0,"sum_votes":0},"_links":{"self":[{"href":"https:\/\/wohnfrage.de\/es\/wp-json\/wp\/v2\/posts\/10957","targetHints":{"allow":["GET"]}}],"collection":[{"href":"https:\/\/wohnfrage.de\/es\/wp-json\/wp\/v2\/posts"}],"about":[{"href":"https:\/\/wohnfrage.de\/es\/wp-json\/wp\/v2\/types\/post"}],"author":[{"embeddable":true,"href":"https:\/\/wohnfrage.de\/es\/wp-json\/wp\/v2\/users\/1"}],"replies":[{"embeddable":true,"href":"https:\/\/wohnfrage.de\/es\/wp-json\/wp\/v2\/comments?post=10957"}],"version-history":[{"count":0,"href":"https:\/\/wohnfrage.de\/es\/wp-json\/wp\/v2\/posts\/10957\/revisions"}],"wp:featuredmedia":[{"embeddable":true,"href":"https:\/\/wohnfrage.de\/es\/wp-json\/wp\/v2\/media\/10883"}],"wp:attachment":[{"href":"https:\/\/wohnfrage.de\/es\/wp-json\/wp\/v2\/media?parent=10957"}],"wp:term":[{"taxonomy":"category","embeddable":true,"href":"https:\/\/wohnfrage.de\/es\/wp-json\/wp\/v2\/categories?post=10957"},{"taxonomy":"post_tag","embeddable":true,"href":"https:\/\/wohnfrage.de\/es\/wp-json\/wp\/v2\/tags?post=10957"}],"curies":[{"name":"wp","href":"https:\/\/api.w.org\/{rel}","templated":true}]}}